{"id":17262,"date":"2016-02-12T16:33:35","date_gmt":"2016-02-12T16:33:35","guid":{"rendered":"https:\/\/www.spanishvillaphotography.com\/torres-en-la-nieve\/"},"modified":"2025-06-09T16:10:44","modified_gmt":"2025-06-09T15:10:44","slug":"torres-en-la-nieve","status":"publish","type":"post","link":"https:\/\/www.spanishvillaphotography.com\/es\/torres-en-la-nieve\/","title":{"rendered":"Torres en la nieve"},"content":{"rendered":"<p>Algo un poco diferente, probando algunas t\u00e9cnicas nuevas. Quer\u00eda que el efecto sepia de postal exagerara la desolaci\u00f3n del paisaje invernal de las fr\u00edas monta\u00f1as y las torres de alta tensi\u00f3n rurales. <\/p>\n\n<figure class=\"wp-block-image size-large\"><img fetchpriority=\"high\" decoding=\"async\" width=\"1024\" height=\"540\" src=\"https:\/\/www.spanishvillaphotography.com\/wp-content\/uploads\/2020\/10\/towers-in-the-snow.jpg\" alt=\"\" class=\"wp-image-12456\" srcset=\"https:\/\/www.spanishvillaphotography.com\/wp-content\/uploads\/2020\/10\/towers-in-the-snow.jpg 1024w, https:\/\/www.spanishvillaphotography.com\/wp-content\/uploads\/2020\/10\/towers-in-the-snow-300x158.jpg 300w, https:\/\/www.spanishvillaphotography.com\/wp-content\/uploads\/2020\/10\/towers-in-the-snow-768x405.jpg 768w\" sizes=\"(max-width: 1024px) 100vw, 1024px\" \/><\/figure>\n","protected":false},"excerpt":{"rendered":"<p>Algo un poco diferente, probando algunas t\u00e9cnicas nuevas. Quer\u00eda que el efecto sepia de postal exagerara la desolaci\u00f3n del paisaje invernal de las fr\u00edas monta\u00f1as y las torres de alta&hellip;<\/p>\n<p> <a class=\"more-link\" href=\"https:\/\/www.spanishvillaphotography.com\/es\/torres-en-la-nieve\/\">Leer m\u00e1s<\/a><\/p>\n","protected":false},"author":1,"featured_media":15332,"comment_status":"closed","ping_status":"open","sticky":false,"template":"","format":"standard","meta":{"footnotes":""},"categories":[131],"tags":[132],"class_list":{"0":"post-17262","1":"post","2":"type-post","3":"status-publish","4":"format-standard","5":"has-post-thumbnail","7":"category-noticias","8":"tag-blog-es"},"_links":{"self":[{"href":"https:\/\/www.spanishvillaphotography.com\/es\/wp-json\/wp\/v2\/posts\/17262","targetHints":{"allow":["GET"]}}],"collection":[{"href":"https:\/\/www.spanishvillaphotography.com\/es\/wp-json\/wp\/v2\/posts"}],"about":[{"href":"https:\/\/www.spanishvillaphotography.com\/es\/wp-json\/wp\/v2\/types\/post"}],"author":[{"embeddable":true,"href":"https:\/\/www.spanishvillaphotography.com\/es\/wp-json\/wp\/v2\/users\/1"}],"replies":[{"embeddable":true,"href":"https:\/\/www.spanishvillaphotography.com\/es\/wp-json\/wp\/v2\/comments?post=17262"}],"version-history":[{"count":1,"href":"https:\/\/www.spanishvillaphotography.com\/es\/wp-json\/wp\/v2\/posts\/17262\/revisions"}],"predecessor-version":[{"id":17263,"href":"https:\/\/www.spanishvillaphotography.com\/es\/wp-json\/wp\/v2\/posts\/17262\/revisions\/17263"}],"wp:featuredmedia":[{"embeddable":true,"href":"https:\/\/www.spanishvillaphotography.com\/es\/wp-json\/wp\/v2\/media\/15332"}],"wp:attachment":[{"href":"https:\/\/www.spanishvillaphotography.com\/es\/wp-json\/wp\/v2\/media?parent=17262"}],"wp:term":[{"taxonomy":"category","embeddable":true,"href":"https:\/\/www.spanishvillaphotography.com\/es\/wp-json\/wp\/v2\/categories?post=17262"},{"taxonomy":"post_tag","embeddable":true,"href":"https:\/\/www.spanishvillaphotography.com\/es\/wp-json\/wp\/v2\/tags?post=17262"}],"curies":[{"name":"wp","href":"https:\/\/api.w.org\/{rel}","templated":true}]}}