{"id":17242,"date":"2018-03-30T16:20:59","date_gmt":"2018-03-30T15:20:59","guid":{"rendered":"https:\/\/www.spanishvillaphotography.com\/feria-artesanal-de-orgiva\/"},"modified":"2025-06-09T16:02:26","modified_gmt":"2025-06-09T15:02:26","slug":"feria-artesanal-de-orgiva","status":"publish","type":"post","link":"https:\/\/www.spanishvillaphotography.com\/es\/feria-artesanal-de-orgiva\/","title":{"rendered":"Feria artesanal de \u00d3rgiva"},"content":{"rendered":"<p>Una vez al a\u00f1o, se celebra una feria en \u00d3rgiva, donde se puede encontrar artesan\u00eda y gastronom\u00eda local. Es un agradable paseo matutino, ideal para quienes visitan la zona y buscan regalos originales para llevar a casa. <\/p>\n\n<figure class=\"wp-block-image size-large\"><img fetchpriority=\"high\" decoding=\"async\" width=\"1024\" height=\"905\" src=\"https:\/\/www.spanishvillaphotography.com\/wp-content\/uploads\/2020\/10\/orgiva-feria.jpg\" alt=\"\" class=\"wp-image-12446\" srcset=\"https:\/\/www.spanishvillaphotography.com\/wp-content\/uploads\/2020\/10\/orgiva-feria.jpg 1024w, https:\/\/www.spanishvillaphotography.com\/wp-content\/uploads\/2020\/10\/orgiva-feria-300x265.jpg 300w, https:\/\/www.spanishvillaphotography.com\/wp-content\/uploads\/2020\/10\/orgiva-feria-768x679.jpg 768w\" sizes=\"(max-width: 1024px) 100vw, 1024px\" \/><\/figure>\n","protected":false},"excerpt":{"rendered":"<p>Una vez al a\u00f1o, se celebra una feria en \u00d3rgiva, donde se puede encontrar artesan\u00eda y gastronom\u00eda local. Es un agradable paseo matutino, ideal para quienes visitan la zona y&hellip;<\/p>\n<p> <a class=\"more-link\" href=\"https:\/\/www.spanishvillaphotography.com\/es\/feria-artesanal-de-orgiva\/\">Leer m\u00e1s<\/a><\/p>\n","protected":false},"author":1,"featured_media":15322,"comment_status":"closed","ping_status":"open","sticky":false,"template":"","format":"standard","meta":{"footnotes":""},"categories":[131],"tags":[132],"class_list":{"0":"post-17242","1":"post","2":"type-post","3":"status-publish","4":"format-standard","5":"has-post-thumbnail","7":"category-noticias","8":"tag-blog-es"},"_links":{"self":[{"href":"https:\/\/www.spanishvillaphotography.com\/es\/wp-json\/wp\/v2\/posts\/17242","targetHints":{"allow":["GET"]}}],"collection":[{"href":"https:\/\/www.spanishvillaphotography.com\/es\/wp-json\/wp\/v2\/posts"}],"about":[{"href":"https:\/\/www.spanishvillaphotography.com\/es\/wp-json\/wp\/v2\/types\/post"}],"author":[{"embeddable":true,"href":"https:\/\/www.spanishvillaphotography.com\/es\/wp-json\/wp\/v2\/users\/1"}],"replies":[{"embeddable":true,"href":"https:\/\/www.spanishvillaphotography.com\/es\/wp-json\/wp\/v2\/comments?post=17242"}],"version-history":[{"count":1,"href":"https:\/\/www.spanishvillaphotography.com\/es\/wp-json\/wp\/v2\/posts\/17242\/revisions"}],"predecessor-version":[{"id":17243,"href":"https:\/\/www.spanishvillaphotography.com\/es\/wp-json\/wp\/v2\/posts\/17242\/revisions\/17243"}],"wp:featuredmedia":[{"embeddable":true,"href":"https:\/\/www.spanishvillaphotography.com\/es\/wp-json\/wp\/v2\/media\/15322"}],"wp:attachment":[{"href":"https:\/\/www.spanishvillaphotography.com\/es\/wp-json\/wp\/v2\/media?parent=17242"}],"wp:term":[{"taxonomy":"category","embeddable":true,"href":"https:\/\/www.spanishvillaphotography.com\/es\/wp-json\/wp\/v2\/categories?post=17242"},{"taxonomy":"post_tag","embeddable":true,"href":"https:\/\/www.spanishvillaphotography.com\/es\/wp-json\/wp\/v2\/tags?post=17242"}],"curies":[{"name":"wp","href":"https:\/\/api.w.org\/{rel}","templated":true}]}}