{"id":17240,"date":"2018-04-28T16:18:09","date_gmt":"2018-04-28T15:18:09","guid":{"rendered":"https:\/\/www.spanishvillaphotography.com\/la-primavera-esta-en-el-aire\/"},"modified":"2025-06-09T16:01:48","modified_gmt":"2025-06-09T15:01:48","slug":"la-primavera-esta-en-el-aire","status":"publish","type":"post","link":"https:\/\/www.spanishvillaphotography.com\/es\/la-primavera-esta-en-el-aire\/","title":{"rendered":"La primavera est\u00e1 en el aire"},"content":{"rendered":"<p>Aunque estamos ocupados tomando fotograf\u00edas todo el a\u00f1o, nada se compara con captar las primeras im\u00e1genes de nuestra hermosa primavera. La primera oleada de flores en la pradera atrae a todo tipo de insectos. <\/p>\n\n<figure class=\"wp-block-image size-large\"><img fetchpriority=\"high\" decoding=\"async\" width=\"1024\" height=\"776\" src=\"https:\/\/www.spanishvillaphotography.com\/wp-content\/uploads\/2020\/10\/spring-bloom.jpg\" alt=\"\" class=\"wp-image-12451\" srcset=\"https:\/\/www.spanishvillaphotography.com\/wp-content\/uploads\/2020\/10\/spring-bloom.jpg 1024w, https:\/\/www.spanishvillaphotography.com\/wp-content\/uploads\/2020\/10\/spring-bloom-300x227.jpg 300w, https:\/\/www.spanishvillaphotography.com\/wp-content\/uploads\/2020\/10\/spring-bloom-768x582.jpg 768w\" sizes=\"(max-width: 1024px) 100vw, 1024px\" \/><\/figure>\n","protected":false},"excerpt":{"rendered":"<p>Aunque estamos ocupados tomando fotograf\u00edas todo el a\u00f1o, nada se compara con captar las primeras im\u00e1genes de nuestra hermosa primavera. La primera oleada de flores en la pradera atrae a&hellip;<\/p>\n<p> <a class=\"more-link\" href=\"https:\/\/www.spanishvillaphotography.com\/es\/la-primavera-esta-en-el-aire\/\">Leer m\u00e1s<\/a><\/p>\n","protected":false},"author":1,"featured_media":15327,"comment_status":"closed","ping_status":"open","sticky":false,"template":"","format":"standard","meta":{"footnotes":""},"categories":[131],"tags":[132],"class_list":{"0":"post-17240","1":"post","2":"type-post","3":"status-publish","4":"format-standard","5":"has-post-thumbnail","7":"category-noticias","8":"tag-blog-es"},"_links":{"self":[{"href":"https:\/\/www.spanishvillaphotography.com\/es\/wp-json\/wp\/v2\/posts\/17240","targetHints":{"allow":["GET"]}}],"collection":[{"href":"https:\/\/www.spanishvillaphotography.com\/es\/wp-json\/wp\/v2\/posts"}],"about":[{"href":"https:\/\/www.spanishvillaphotography.com\/es\/wp-json\/wp\/v2\/types\/post"}],"author":[{"embeddable":true,"href":"https:\/\/www.spanishvillaphotography.com\/es\/wp-json\/wp\/v2\/users\/1"}],"replies":[{"embeddable":true,"href":"https:\/\/www.spanishvillaphotography.com\/es\/wp-json\/wp\/v2\/comments?post=17240"}],"version-history":[{"count":1,"href":"https:\/\/www.spanishvillaphotography.com\/es\/wp-json\/wp\/v2\/posts\/17240\/revisions"}],"predecessor-version":[{"id":17241,"href":"https:\/\/www.spanishvillaphotography.com\/es\/wp-json\/wp\/v2\/posts\/17240\/revisions\/17241"}],"wp:featuredmedia":[{"embeddable":true,"href":"https:\/\/www.spanishvillaphotography.com\/es\/wp-json\/wp\/v2\/media\/15327"}],"wp:attachment":[{"href":"https:\/\/www.spanishvillaphotography.com\/es\/wp-json\/wp\/v2\/media?parent=17240"}],"wp:term":[{"taxonomy":"category","embeddable":true,"href":"https:\/\/www.spanishvillaphotography.com\/es\/wp-json\/wp\/v2\/categories?post=17240"},{"taxonomy":"post_tag","embeddable":true,"href":"https:\/\/www.spanishvillaphotography.com\/es\/wp-json\/wp\/v2\/tags?post=17240"}],"curies":[{"name":"wp","href":"https:\/\/api.w.org\/{rel}","templated":true}]}}