{"id":17238,"date":"2018-05-26T16:19:38","date_gmt":"2018-05-26T15:19:38","guid":{"rendered":"https:\/\/www.spanishvillaphotography.com\/comida-y-fiestas\/"},"modified":"2025-06-09T16:01:22","modified_gmt":"2025-06-09T15:01:22","slug":"comida-y-fiestas","status":"publish","type":"post","link":"https:\/\/www.spanishvillaphotography.com\/es\/comida-y-fiestas\/","title":{"rendered":"Comida y fiestas"},"content":{"rendered":"<p>A finales de mayo se celebra la fiesta de San Isidro, patr\u00f3n de Capileira. La fiesta combina bendici\u00f3n religiosa, acci\u00f3n de gracias, festejos populares y una animada reuni\u00f3n de j\u00f3venes, mayores y todos los p\u00fablicos. Todo tiene lugar, como corresponde, en la era comunal, en el coraz\u00f3n de la vida rural compartida.  <\/p>\n\n<figure class=\"wp-block-image size-large\"><img fetchpriority=\"high\" decoding=\"async\" width=\"798\" height=\"1024\" src=\"https:\/\/www.spanishvillaphotography.com\/wp-content\/uploads\/2020\/10\/san-isidro.jpg\" alt=\"\" class=\"wp-image-12448\" srcset=\"https:\/\/www.spanishvillaphotography.com\/wp-content\/uploads\/2020\/10\/san-isidro.jpg 798w, https:\/\/www.spanishvillaphotography.com\/wp-content\/uploads\/2020\/10\/san-isidro-234x300.jpg 234w, https:\/\/www.spanishvillaphotography.com\/wp-content\/uploads\/2020\/10\/san-isidro-768x986.jpg 768w\" sizes=\"(max-width: 798px) 100vw, 798px\" \/><\/figure>\n","protected":false},"excerpt":{"rendered":"<p>A finales de mayo se celebra la fiesta de San Isidro, patr\u00f3n de Capileira. La fiesta combina bendici\u00f3n religiosa, acci\u00f3n de gracias, festejos populares y una animada reuni\u00f3n de j\u00f3venes,&hellip;<\/p>\n<p> <a class=\"more-link\" href=\"https:\/\/www.spanishvillaphotography.com\/es\/comida-y-fiestas\/\">Leer m\u00e1s<\/a><\/p>\n","protected":false},"author":1,"featured_media":15324,"comment_status":"closed","ping_status":"open","sticky":false,"template":"","format":"standard","meta":{"footnotes":""},"categories":[131],"tags":[132],"class_list":{"0":"post-17238","1":"post","2":"type-post","3":"status-publish","4":"format-standard","5":"has-post-thumbnail","7":"category-noticias","8":"tag-blog-es"},"_links":{"self":[{"href":"https:\/\/www.spanishvillaphotography.com\/es\/wp-json\/wp\/v2\/posts\/17238","targetHints":{"allow":["GET"]}}],"collection":[{"href":"https:\/\/www.spanishvillaphotography.com\/es\/wp-json\/wp\/v2\/posts"}],"about":[{"href":"https:\/\/www.spanishvillaphotography.com\/es\/wp-json\/wp\/v2\/types\/post"}],"author":[{"embeddable":true,"href":"https:\/\/www.spanishvillaphotography.com\/es\/wp-json\/wp\/v2\/users\/1"}],"replies":[{"embeddable":true,"href":"https:\/\/www.spanishvillaphotography.com\/es\/wp-json\/wp\/v2\/comments?post=17238"}],"version-history":[{"count":1,"href":"https:\/\/www.spanishvillaphotography.com\/es\/wp-json\/wp\/v2\/posts\/17238\/revisions"}],"predecessor-version":[{"id":17239,"href":"https:\/\/www.spanishvillaphotography.com\/es\/wp-json\/wp\/v2\/posts\/17238\/revisions\/17239"}],"wp:featuredmedia":[{"embeddable":true,"href":"https:\/\/www.spanishvillaphotography.com\/es\/wp-json\/wp\/v2\/media\/15324"}],"wp:attachment":[{"href":"https:\/\/www.spanishvillaphotography.com\/es\/wp-json\/wp\/v2\/media?parent=17238"}],"wp:term":[{"taxonomy":"category","embeddable":true,"href":"https:\/\/www.spanishvillaphotography.com\/es\/wp-json\/wp\/v2\/categories?post=17238"},{"taxonomy":"post_tag","embeddable":true,"href":"https:\/\/www.spanishvillaphotography.com\/es\/wp-json\/wp\/v2\/tags?post=17238"}],"curies":[{"name":"wp","href":"https:\/\/api.w.org\/{rel}","templated":true}]}}