{"id":17226,"date":"2018-10-05T12:41:00","date_gmt":"2018-10-05T11:41:00","guid":{"rendered":"https:\/\/www.spanishvillaphotography.com\/un-acto-de-equilibrio\/"},"modified":"2025-06-09T15:55:48","modified_gmt":"2025-06-09T14:55:48","slug":"un-acto-de-equilibrio","status":"publish","type":"post","link":"https:\/\/www.spanishvillaphotography.com\/es\/un-acto-de-equilibrio\/","title":{"rendered":"Un acto de equilibrio"},"content":{"rendered":"<p>A veces el cliente pide algo un poco diferente, y en este caso, una de las estaciones para un recorrido virtual completo de la propiedad estaba a media altura de un olivo. Necesit\u00e1bamos instalar la c\u00e1mara en lo alto del \u00e1rbol para dar la impresi\u00f3n final de estar en el aire al observar todo el entorno durante el recorrido. <\/p>\n\n<figure class=\"wp-block-image size-large\"><img fetchpriority=\"high\" decoding=\"async\" width=\"1024\" height=\"683\" src=\"https:\/\/www.spanishvillaphotography.com\/wp-content\/uploads\/2020\/10\/1810_01.jpg\" alt=\"\" class=\"wp-image-12423\" srcset=\"https:\/\/www.spanishvillaphotography.com\/wp-content\/uploads\/2020\/10\/1810_01.jpg 1024w, https:\/\/www.spanishvillaphotography.com\/wp-content\/uploads\/2020\/10\/1810_01-300x200.jpg 300w, https:\/\/www.spanishvillaphotography.com\/wp-content\/uploads\/2020\/10\/1810_01-768x512.jpg 768w\" sizes=\"(max-width: 1024px) 100vw, 1024px\" \/><\/figure>\n","protected":false},"excerpt":{"rendered":"<p>A veces el cliente pide algo un poco diferente, y en este caso, una de las estaciones para un recorrido virtual completo de la propiedad estaba a media altura de&hellip;<\/p>\n<p> <a class=\"more-link\" href=\"https:\/\/www.spanishvillaphotography.com\/es\/un-acto-de-equilibrio\/\">Leer m\u00e1s<\/a><\/p>\n","protected":false},"author":1,"featured_media":15299,"comment_status":"closed","ping_status":"open","sticky":false,"template":"","format":"standard","meta":{"footnotes":""},"categories":[131],"tags":[132],"class_list":{"0":"post-17226","1":"post","2":"type-post","3":"status-publish","4":"format-standard","5":"has-post-thumbnail","7":"category-noticias","8":"tag-blog-es"},"_links":{"self":[{"href":"https:\/\/www.spanishvillaphotography.com\/es\/wp-json\/wp\/v2\/posts\/17226","targetHints":{"allow":["GET"]}}],"collection":[{"href":"https:\/\/www.spanishvillaphotography.com\/es\/wp-json\/wp\/v2\/posts"}],"about":[{"href":"https:\/\/www.spanishvillaphotography.com\/es\/wp-json\/wp\/v2\/types\/post"}],"author":[{"embeddable":true,"href":"https:\/\/www.spanishvillaphotography.com\/es\/wp-json\/wp\/v2\/users\/1"}],"replies":[{"embeddable":true,"href":"https:\/\/www.spanishvillaphotography.com\/es\/wp-json\/wp\/v2\/comments?post=17226"}],"version-history":[{"count":1,"href":"https:\/\/www.spanishvillaphotography.com\/es\/wp-json\/wp\/v2\/posts\/17226\/revisions"}],"predecessor-version":[{"id":17227,"href":"https:\/\/www.spanishvillaphotography.com\/es\/wp-json\/wp\/v2\/posts\/17226\/revisions\/17227"}],"wp:featuredmedia":[{"embeddable":true,"href":"https:\/\/www.spanishvillaphotography.com\/es\/wp-json\/wp\/v2\/media\/15299"}],"wp:attachment":[{"href":"https:\/\/www.spanishvillaphotography.com\/es\/wp-json\/wp\/v2\/media?parent=17226"}],"wp:term":[{"taxonomy":"category","embeddable":true,"href":"https:\/\/www.spanishvillaphotography.com\/es\/wp-json\/wp\/v2\/categories?post=17226"},{"taxonomy":"post_tag","embeddable":true,"href":"https:\/\/www.spanishvillaphotography.com\/es\/wp-json\/wp\/v2\/tags?post=17226"}],"curies":[{"name":"wp","href":"https:\/\/api.w.org\/{rel}","templated":true}]}}