{"id":17216,"date":"2019-03-13T12:30:09","date_gmt":"2019-03-13T12:30:09","guid":{"rendered":"https:\/\/www.spanishvillaphotography.com\/preparandose-para-el-verano\/"},"modified":"2025-06-09T15:51:40","modified_gmt":"2025-06-09T14:51:40","slug":"preparandose-para-el-verano","status":"publish","type":"post","link":"https:\/\/www.spanishvillaphotography.com\/es\/preparandose-para-el-verano\/","title":{"rendered":"Prepar\u00e1ndose para el verano"},"content":{"rendered":"<p>Despu\u00e9s de pasar el invierno, es hora de comenzar a poner todo en funcionamiento para la temporada de verano. Nos estamos poniendo manos a la obra ya que la primavera es la mejor \u00e9poca para tomar fotograf\u00edas, con las flores empezando a florecer, los cielos volvi\u00e9ndose de un azul constante y el sol calentando las piscinas y los invernaderos. \u00a1Una de las mejores \u00e9pocas del a\u00f1o!<\/p>\n\n<figure class=\"wp-block-image size-large\"><img fetchpriority=\"high\" decoding=\"async\" width=\"1024\" height=\"512\" src=\"https:\/\/www.spanishvillaphotography.com\/wp-content\/uploads\/2020\/10\/1903_01.jpg\" alt=\"\" class=\"wp-image-12428\" srcset=\"https:\/\/www.spanishvillaphotography.com\/wp-content\/uploads\/2020\/10\/1903_01.jpg 1024w, https:\/\/www.spanishvillaphotography.com\/wp-content\/uploads\/2020\/10\/1903_01-300x150.jpg 300w, https:\/\/www.spanishvillaphotography.com\/wp-content\/uploads\/2020\/10\/1903_01-768x384.jpg 768w\" sizes=\"(max-width: 1024px) 100vw, 1024px\" \/><\/figure>\n","protected":false},"excerpt":{"rendered":"<p>Despu\u00e9s de pasar el invierno, es hora de comenzar a poner todo en funcionamiento para la temporada de verano. Nos estamos poniendo manos a la obra ya que la primavera&hellip;<\/p>\n<p> <a class=\"more-link\" href=\"https:\/\/www.spanishvillaphotography.com\/es\/preparandose-para-el-verano\/\">Leer m\u00e1s<\/a><\/p>\n","protected":false},"author":1,"featured_media":15304,"comment_status":"closed","ping_status":"open","sticky":false,"template":"","format":"standard","meta":{"footnotes":""},"categories":[131],"tags":[132],"class_list":{"0":"post-17216","1":"post","2":"type-post","3":"status-publish","4":"format-standard","5":"has-post-thumbnail","7":"category-noticias","8":"tag-blog-es"},"_links":{"self":[{"href":"https:\/\/www.spanishvillaphotography.com\/es\/wp-json\/wp\/v2\/posts\/17216","targetHints":{"allow":["GET"]}}],"collection":[{"href":"https:\/\/www.spanishvillaphotography.com\/es\/wp-json\/wp\/v2\/posts"}],"about":[{"href":"https:\/\/www.spanishvillaphotography.com\/es\/wp-json\/wp\/v2\/types\/post"}],"author":[{"embeddable":true,"href":"https:\/\/www.spanishvillaphotography.com\/es\/wp-json\/wp\/v2\/users\/1"}],"replies":[{"embeddable":true,"href":"https:\/\/www.spanishvillaphotography.com\/es\/wp-json\/wp\/v2\/comments?post=17216"}],"version-history":[{"count":1,"href":"https:\/\/www.spanishvillaphotography.com\/es\/wp-json\/wp\/v2\/posts\/17216\/revisions"}],"predecessor-version":[{"id":17217,"href":"https:\/\/www.spanishvillaphotography.com\/es\/wp-json\/wp\/v2\/posts\/17216\/revisions\/17217"}],"wp:featuredmedia":[{"embeddable":true,"href":"https:\/\/www.spanishvillaphotography.com\/es\/wp-json\/wp\/v2\/media\/15304"}],"wp:attachment":[{"href":"https:\/\/www.spanishvillaphotography.com\/es\/wp-json\/wp\/v2\/media?parent=17216"}],"wp:term":[{"taxonomy":"category","embeddable":true,"href":"https:\/\/www.spanishvillaphotography.com\/es\/wp-json\/wp\/v2\/categories?post=17216"},{"taxonomy":"post_tag","embeddable":true,"href":"https:\/\/www.spanishvillaphotography.com\/es\/wp-json\/wp\/v2\/tags?post=17216"}],"curies":[{"name":"wp","href":"https:\/\/api.w.org\/{rel}","templated":true}]}}