{"id":17204,"date":"2020-01-22T14:23:42","date_gmt":"2020-01-22T14:23:42","guid":{"rendered":"https:\/\/www.spanishvillaphotography.com\/atardecer-en-el-lago-de-iznajar\/"},"modified":"2025-06-09T15:41:49","modified_gmt":"2025-06-09T14:41:49","slug":"atardecer-en-el-lago-de-iznajar","status":"publish","type":"post","link":"https:\/\/www.spanishvillaphotography.com\/es\/atardecer-en-el-lago-de-iznajar\/","title":{"rendered":"Atardecer en el lago de Izn\u00e1jar"},"content":{"rendered":"<p>Nuestra sesi\u00f3n fotogr\u00e1fica en villas nos lleva por toda Andaluc\u00eda, y esta vez nos encontramos en la Subb\u00e9tica de C\u00f3rdoba. Hab\u00eda sido un d\u00eda de fotos exitoso, pero ya era tarde y volv\u00edamos a casa. Aunque hab\u00eda sido un d\u00eda largo, tuvimos que parar un rato para capturar la belleza serena del lago de Izn\u00e1jar. Seguimos a casa, felices de haberlo visto.   <\/p>\n\n<figure class=\"wp-block-image size-large\"><img fetchpriority=\"high\" decoding=\"async\" width=\"1024\" height=\"683\" src=\"https:\/\/www.spanishvillaphotography.com\/wp-content\/uploads\/2020\/10\/2001_01.jpg\" alt=\"\" class=\"wp-image-12434\" srcset=\"https:\/\/www.spanishvillaphotography.com\/wp-content\/uploads\/2020\/10\/2001_01.jpg 1024w, https:\/\/www.spanishvillaphotography.com\/wp-content\/uploads\/2020\/10\/2001_01-300x200.jpg 300w, https:\/\/www.spanishvillaphotography.com\/wp-content\/uploads\/2020\/10\/2001_01-768x512.jpg 768w\" sizes=\"(max-width: 1024px) 100vw, 1024px\" \/><\/figure>\n","protected":false},"excerpt":{"rendered":"<p>Nuestra sesi\u00f3n fotogr\u00e1fica en villas nos lleva por toda Andaluc\u00eda, y esta vez nos encontramos en la Subb\u00e9tica de C\u00f3rdoba. Hab\u00eda sido un d\u00eda de fotos exitoso, pero ya era&hellip;<\/p>\n<p> <a class=\"more-link\" href=\"https:\/\/www.spanishvillaphotography.com\/es\/atardecer-en-el-lago-de-iznajar\/\">Leer m\u00e1s<\/a><\/p>\n","protected":false},"author":1,"featured_media":15310,"comment_status":"closed","ping_status":"open","sticky":false,"template":"","format":"standard","meta":{"footnotes":""},"categories":[131],"tags":[132],"class_list":{"0":"post-17204","1":"post","2":"type-post","3":"status-publish","4":"format-standard","5":"has-post-thumbnail","7":"category-noticias","8":"tag-blog-es"},"_links":{"self":[{"href":"https:\/\/www.spanishvillaphotography.com\/es\/wp-json\/wp\/v2\/posts\/17204","targetHints":{"allow":["GET"]}}],"collection":[{"href":"https:\/\/www.spanishvillaphotography.com\/es\/wp-json\/wp\/v2\/posts"}],"about":[{"href":"https:\/\/www.spanishvillaphotography.com\/es\/wp-json\/wp\/v2\/types\/post"}],"author":[{"embeddable":true,"href":"https:\/\/www.spanishvillaphotography.com\/es\/wp-json\/wp\/v2\/users\/1"}],"replies":[{"embeddable":true,"href":"https:\/\/www.spanishvillaphotography.com\/es\/wp-json\/wp\/v2\/comments?post=17204"}],"version-history":[{"count":1,"href":"https:\/\/www.spanishvillaphotography.com\/es\/wp-json\/wp\/v2\/posts\/17204\/revisions"}],"predecessor-version":[{"id":17205,"href":"https:\/\/www.spanishvillaphotography.com\/es\/wp-json\/wp\/v2\/posts\/17204\/revisions\/17205"}],"wp:featuredmedia":[{"embeddable":true,"href":"https:\/\/www.spanishvillaphotography.com\/es\/wp-json\/wp\/v2\/media\/15310"}],"wp:attachment":[{"href":"https:\/\/www.spanishvillaphotography.com\/es\/wp-json\/wp\/v2\/media?parent=17204"}],"wp:term":[{"taxonomy":"category","embeddable":true,"href":"https:\/\/www.spanishvillaphotography.com\/es\/wp-json\/wp\/v2\/categories?post=17204"},{"taxonomy":"post_tag","embeddable":true,"href":"https:\/\/www.spanishvillaphotography.com\/es\/wp-json\/wp\/v2\/tags?post=17204"}],"curies":[{"name":"wp","href":"https:\/\/api.w.org\/{rel}","templated":true}]}}