{"id":17202,"date":"2020-01-29T14:31:20","date_gmt":"2020-01-29T14:31:20","guid":{"rendered":"https:\/\/www.spanishvillaphotography.com\/petalos-vividos\/"},"modified":"2025-06-09T15:36:23","modified_gmt":"2025-06-09T14:36:23","slug":"petalos-vividos","status":"publish","type":"post","link":"https:\/\/www.spanishvillaphotography.com\/es\/petalos-vividos\/","title":{"rendered":"P\u00e9talos v\u00edvidos"},"content":{"rendered":"<p>La cuarentena por la COVID-19 empez\u00f3 a mediados de mes, pero por suerte ya hab\u00edamos salido antes, fotografiando geranios tempranos como este. Puede que los geranios sean una flor com\u00fan y corriente, pero sus brillantes p\u00e9talos contra una pared encalada son una imagen tan impactante que, con raz\u00f3n, son un icono mediterr\u00e1neo. El sol de marzo en las monta\u00f1as es un espect\u00e1culo imperdible, as\u00ed que tuvimos suerte ese d\u00eda.  <\/p>\n\n<figure class=\"wp-block-image size-large\"><img fetchpriority=\"high\" decoding=\"async\" width=\"1024\" height=\"683\" src=\"https:\/\/www.spanishvillaphotography.com\/wp-content\/uploads\/2020\/10\/2003_01.jpg\" alt=\"\" class=\"wp-image-12436\" srcset=\"https:\/\/www.spanishvillaphotography.com\/wp-content\/uploads\/2020\/10\/2003_01.jpg 1024w, https:\/\/www.spanishvillaphotography.com\/wp-content\/uploads\/2020\/10\/2003_01-300x200.jpg 300w, https:\/\/www.spanishvillaphotography.com\/wp-content\/uploads\/2020\/10\/2003_01-768x512.jpg 768w\" sizes=\"(max-width: 1024px) 100vw, 1024px\" \/><\/figure>\n","protected":false},"excerpt":{"rendered":"<p>La cuarentena por la COVID-19 empez\u00f3 a mediados de mes, pero por suerte ya hab\u00edamos salido antes, fotografiando geranios tempranos como este. Puede que los geranios sean una flor com\u00fan&hellip;<\/p>\n<p> <a class=\"more-link\" href=\"https:\/\/www.spanishvillaphotography.com\/es\/petalos-vividos\/\">Leer m\u00e1s<\/a><\/p>\n","protected":false},"author":1,"featured_media":15312,"comment_status":"closed","ping_status":"open","sticky":false,"template":"","format":"standard","meta":{"footnotes":""},"categories":[131],"tags":[132],"class_list":{"0":"post-17202","1":"post","2":"type-post","3":"status-publish","4":"format-standard","5":"has-post-thumbnail","7":"category-noticias","8":"tag-blog-es"},"_links":{"self":[{"href":"https:\/\/www.spanishvillaphotography.com\/es\/wp-json\/wp\/v2\/posts\/17202","targetHints":{"allow":["GET"]}}],"collection":[{"href":"https:\/\/www.spanishvillaphotography.com\/es\/wp-json\/wp\/v2\/posts"}],"about":[{"href":"https:\/\/www.spanishvillaphotography.com\/es\/wp-json\/wp\/v2\/types\/post"}],"author":[{"embeddable":true,"href":"https:\/\/www.spanishvillaphotography.com\/es\/wp-json\/wp\/v2\/users\/1"}],"replies":[{"embeddable":true,"href":"https:\/\/www.spanishvillaphotography.com\/es\/wp-json\/wp\/v2\/comments?post=17202"}],"version-history":[{"count":1,"href":"https:\/\/www.spanishvillaphotography.com\/es\/wp-json\/wp\/v2\/posts\/17202\/revisions"}],"predecessor-version":[{"id":17203,"href":"https:\/\/www.spanishvillaphotography.com\/es\/wp-json\/wp\/v2\/posts\/17202\/revisions\/17203"}],"wp:featuredmedia":[{"embeddable":true,"href":"https:\/\/www.spanishvillaphotography.com\/es\/wp-json\/wp\/v2\/media\/15312"}],"wp:attachment":[{"href":"https:\/\/www.spanishvillaphotography.com\/es\/wp-json\/wp\/v2\/media?parent=17202"}],"wp:term":[{"taxonomy":"category","embeddable":true,"href":"https:\/\/www.spanishvillaphotography.com\/es\/wp-json\/wp\/v2\/categories?post=17202"},{"taxonomy":"post_tag","embeddable":true,"href":"https:\/\/www.spanishvillaphotography.com\/es\/wp-json\/wp\/v2\/tags?post=17202"}],"curies":[{"name":"wp","href":"https:\/\/api.w.org\/{rel}","templated":true}]}}