{"id":17192,"date":"2020-05-19T14:35:16","date_gmt":"2020-05-19T13:35:16","guid":{"rendered":"https:\/\/www.spanishvillaphotography.com\/recuerdos-del-confinamiento\/"},"modified":"2025-06-06T17:48:41","modified_gmt":"2025-06-06T16:48:41","slug":"recuerdos-del-confinamiento","status":"publish","type":"post","link":"https:\/\/www.spanishvillaphotography.com\/es\/recuerdos-del-confinamiento\/","title":{"rendered":"Recuerdos del confinamiento"},"content":{"rendered":"<p>Como no pudimos salir por el confinamiento, decidimos echar un vistazo a lo que hac\u00edamos el a\u00f1o pasado por estas fechas. Aqu\u00ed ten\u00e9is un encuentro con un pastor llamado Juan. Hab\u00edamos terminado de rodar en Gauc\u00edn y nos detuvimos junto al camino. Juan descansaba a la sombra y estaba dispuesto a charlar sobre sus cabras y la vida en general. A pesar de su rostro surcado, Juan ten\u00eda la mirada clara de un hombre mucho m\u00e1s joven, y la cabra tambi\u00e9n le clavaba una mirada fija.    <\/p>\n\n<figure class=\"wp-block-image size-large is-style-default\"><img fetchpriority=\"high\" decoding=\"async\" width=\"1024\" height=\"683\" src=\"https:\/\/www.spanishvillaphotography.com\/wp-content\/uploads\/2021\/02\/Grazing-Goat_01.jpg\" alt=\"\" class=\"wp-image-14123\" srcset=\"https:\/\/www.spanishvillaphotography.com\/wp-content\/uploads\/2021\/02\/Grazing-Goat_01.jpg 1024w, https:\/\/www.spanishvillaphotography.com\/wp-content\/uploads\/2021\/02\/Grazing-Goat_01-300x200.jpg 300w, https:\/\/www.spanishvillaphotography.com\/wp-content\/uploads\/2021\/02\/Grazing-Goat_01-768x512.jpg 768w\" sizes=\"(max-width: 1024px) 100vw, 1024px\" \/><\/figure>\n","protected":false},"excerpt":{"rendered":"<p>Como no pudimos salir por el confinamiento, decidimos echar un vistazo a lo que hac\u00edamos el a\u00f1o pasado por estas fechas. Aqu\u00ed ten\u00e9is un encuentro con un pastor llamado Juan.&hellip;<\/p>\n<p> <a class=\"more-link\" href=\"https:\/\/www.spanishvillaphotography.com\/es\/recuerdos-del-confinamiento\/\">Leer m\u00e1s<\/a><\/p>\n","protected":false},"author":1,"featured_media":16035,"comment_status":"closed","ping_status":"open","sticky":false,"template":"","format":"standard","meta":{"footnotes":""},"categories":[131],"tags":[132],"class_list":{"0":"post-17192","1":"post","2":"type-post","3":"status-publish","4":"format-standard","5":"has-post-thumbnail","7":"category-noticias","8":"tag-blog-es"},"_links":{"self":[{"href":"https:\/\/www.spanishvillaphotography.com\/es\/wp-json\/wp\/v2\/posts\/17192","targetHints":{"allow":["GET"]}}],"collection":[{"href":"https:\/\/www.spanishvillaphotography.com\/es\/wp-json\/wp\/v2\/posts"}],"about":[{"href":"https:\/\/www.spanishvillaphotography.com\/es\/wp-json\/wp\/v2\/types\/post"}],"author":[{"embeddable":true,"href":"https:\/\/www.spanishvillaphotography.com\/es\/wp-json\/wp\/v2\/users\/1"}],"replies":[{"embeddable":true,"href":"https:\/\/www.spanishvillaphotography.com\/es\/wp-json\/wp\/v2\/comments?post=17192"}],"version-history":[{"count":1,"href":"https:\/\/www.spanishvillaphotography.com\/es\/wp-json\/wp\/v2\/posts\/17192\/revisions"}],"predecessor-version":[{"id":17193,"href":"https:\/\/www.spanishvillaphotography.com\/es\/wp-json\/wp\/v2\/posts\/17192\/revisions\/17193"}],"wp:featuredmedia":[{"embeddable":true,"href":"https:\/\/www.spanishvillaphotography.com\/es\/wp-json\/wp\/v2\/media\/16035"}],"wp:attachment":[{"href":"https:\/\/www.spanishvillaphotography.com\/es\/wp-json\/wp\/v2\/media?parent=17192"}],"wp:term":[{"taxonomy":"category","embeddable":true,"href":"https:\/\/www.spanishvillaphotography.com\/es\/wp-json\/wp\/v2\/categories?post=17192"},{"taxonomy":"post_tag","embeddable":true,"href":"https:\/\/www.spanishvillaphotography.com\/es\/wp-json\/wp\/v2\/tags?post=17192"}],"curies":[{"name":"wp","href":"https:\/\/api.w.org\/{rel}","templated":true}]}}